{"id":1267,"date":"2023-06-29T08:17:52","date_gmt":"2023-06-29T08:17:52","guid":{"rendered":"https:\/\/vmanen.clarq.nl\/?p=1267"},"modified":"2023-08-25T17:10:07","modified_gmt":"2023-08-25T15:10:07","slug":"nieuw-magazijn-bij-van-manen","status":"publish","type":"post","link":"https:\/\/vmanen.com\/de\/nieuw-magazijn-bij-van-manen\/","title":{"rendered":"Neues Lager bei Van Manen"},"content":{"rendered":"<div class=\"gb-container gb-container-d0845944\">\n<div class=\"gb-grid-wrapper gb-grid-wrapper-7a328d97 responsive-grid-homepage boxed\">\n<div class=\"gb-grid-column gb-grid-column-eafeaea0\"><div class=\"gb-container gb-container-eafeaea0 home-intro-responsive-tablet responsive-tablet\">\n\n<h2 class=\"title-revisie\">Nieuws:<br><span> Nieuw magazijn<\/h2>\n\n<\/div><\/div>\n\n<div class=\"gb-grid-column gb-grid-column-7853c539\"><div class=\"gb-container gb-container-7853c539\">\n\n<figure class=\"wp-block-image size-full responsive-image-homepage mask-header\"><img decoding=\"async\" width=\"977\" height=\"359\" src=\"https:\/\/vmanen.com\/wp-content\/uploads\/2023\/07\/nieuw-magazijn.jpg\" alt=\"\" class=\"wp-image-1768\" srcset=\"https:\/\/vmanen.com\/wp-content\/uploads\/2023\/07\/nieuw-magazijn.jpg 977w, https:\/\/vmanen.com\/wp-content\/uploads\/2023\/07\/nieuw-magazijn-300x110.jpg 300w, https:\/\/vmanen.com\/wp-content\/uploads\/2023\/07\/nieuw-magazijn-768x282.jpg 768w\" sizes=\"(max-width: 977px) 100vw, 977px\" \/><\/figure>\n\n<\/div><\/div>\n<\/div>\n<\/div>\n\n<div class=\"gb-container gb-container-1e7f5599 mobile-padding-top\">\n\n<div class=\"wp-block-columns boxed is-layout-flex wp-container-core-columns-is-layout-9d6595d7 wp-block-columns-is-layout-flex\">\n<div class=\"wp-block-column is-layout-flow wp-block-column-is-layout-flow\">\n<figure class=\"wp-block-image size-large news-mask\"><img decoding=\"async\" width=\"1024\" height=\"717\" src=\"https:\/\/vmanen.com\/wp-content\/uploads\/2023\/06\/magazijn-1024x717.jpg\" alt=\"\" class=\"wp-image-1772\" srcset=\"https:\/\/vmanen.com\/wp-content\/uploads\/2023\/06\/magazijn-1024x717.jpg 1024w, https:\/\/vmanen.com\/wp-content\/uploads\/2023\/06\/magazijn-300x210.jpg 300w, https:\/\/vmanen.com\/wp-content\/uploads\/2023\/06\/magazijn-768x538.jpg 768w, https:\/\/vmanen.com\/wp-content\/uploads\/2023\/06\/magazijn.jpg 1033w\" sizes=\"(max-width: 1024px) 100vw, 1024px\" \/><\/figure>\n<\/div>\n\n\n\n<div class=\"wp-block-column container-gereviseerde-draaikransen responsive-tablet is-layout-flow wp-block-column-is-layout-flow\" style=\"flex-basis:38%\"><h2 style=\"font-size:32px;\" class=\"responsive-mobile wp-block-post-title\">Nieuw magazijn bij Van Manen<\/h2>\n\n\n<p class=\"responsive-mobile\">Doordat Van Manen Draaikransen langzaam maar zeker een forse groei heeft doorgemaakt is sinds 2008 langzaam aan de behoefte gegroeid voor meer ruimte voor het bedrijf. De werkplaats krijgt het steeds drukker en het magazijn staat overvol. De mogelijkheden van uitbreiding worden uitgebreid onderzocht en de plannen worden gemaakt.<\/p>\n\n\n\n<p class=\"responsive-mobile\">De mogelijkheden voor uitbreiding worden onderzocht en plannen worden gemaakt. Tegen het einde van 2011 zijn de nieuwe faciliteiten werkelijkheid geworden. De nieuwe magazijnrekken worden gebruikt en het voorraadsysteem is geoptimaliseerd.<\/p>\n\n\n\n<p class=\"responsive-mobile\">Ook de werkplaats heeft hierdoor meer bewegingsruimte gekregen waardoor het revisieproces van A tot Z veel effici\u00ebnter verloopt. We kunnen u daardoor nog sneller van dienst zijn.<\/p>\n\n\n<div class=\"responsive-mobile wp-block-post-date\"><time datetime=\"2023-06-29T08:17:52+02:00\">29-06-2023<\/time><\/div>\n\n\n<a class=\"gb-button gb-button-31aadd87 gb-button-text responsive-mobile  responsive-button-news\" href=\"\/nieuws\">Terug<\/a>\n<\/div>\n<\/div>\n\n<\/div>\n\n<div class=\"gb-container gb-container-1a7a2d8e contact-background\">\n\n<div class=\"wp-block-columns width-contactform-info is-layout-flex wp-container-core-columns-is-layout-9d6595d7 wp-block-columns-is-layout-flex\">\n<div class=\"wp-block-column is-layout-flow wp-block-column-is-layout-flow\">\n<h2 class=\"wp-block-heading contact-title-contactinfo\">CONTACT<\/h2>\n\n\n\n<p class=\"contact-phone-number responsive-p-mobile has-white-color has-text-color\" style=\"font-size:22px\"><strong>Bel gerust +31 481 974784<\/strong><\/p>\n\n\n\n<p class=\"contact-phone-number responsive-p-mobile has-white-color has-text-color\" style=\"font-size:22px\"><strong>of mail naar info@vmanen.com<\/strong><\/p>\n<\/div>\n\n\n\n<div class=\"wp-block-column is-layout-flow wp-block-column-is-layout-flow\">\n<div style=\"height:80px\" aria-hidden=\"true\" class=\"wp-block-spacer\"><\/div>\n\n\n\n<p class=\"contact-p-contactinfo responsive-p-mobile has-white-color has-text-color\" style=\"font-size:22px\">Van Manen Draaikransen is sinds 1977 gespecialiseerd in draaikransen en draaikransrevisie. Wij kunnen u van dienst zijn met elk gewenst type en fabricaat draaikrans.<\/p>\n<\/div>\n<\/div>\n\n\n<style id=\"wpforms-css-vars-365-block-6d5bddc1-7224-408f-972c-57b4a15736cd\">\n\t\t\t\t#wpforms-365.wpforms-block-6d5bddc1-7224-408f-972c-57b4a15736cd {\n\t\t\t\t--wpforms-field-background-color: #ffffff00;\n--wpforms-field-border-color: var(--white);\n--wpforms-field-border-color-spare: var(--white);\n--wpforms-field-text-color: var(--text-color);\n--wpforms-button-background-color: var(--black);\n\t\t\t}\n\t\t\t<\/style><div class=\"wpforms-container wpforms-container-full wpforms-block wpforms-block-6d5bddc1-7224-408f-972c-57b4a15736cd wpforms-render-modern\" id=\"wpforms-365\"><form id=\"wpforms-form-365\" class=\"wpforms-validate wpforms-form wpforms-ajax-form\" data-formid=\"365\" method=\"post\" enctype=\"multipart\/form-data\" action=\"\/de\/wp-json\/wp\/v2\/posts\/1267\" data-token=\"583171ed9e1b7e49c6884e192ee67874\" data-token-time=\"1777529964\"><noscript class=\"wpforms-error-noscript\">Bitte aktiviere JavaScript in deinem Browser, um dieses Formular fertigzustellen.<\/noscript><div id=\"wpforms-error-noscript\" style=\"display: none;\">Bitte aktiviere JavaScript in deinem Browser, um dieses Formular fertigzustellen.<\/div><div class=\"wpforms-field-container\"><div id=\"wpforms-365-field_1-container\" class=\"wpforms-field wpforms-field-name contactform-name\" data-field-id=\"1\"><fieldset><legend class=\"wpforms-field-label wpforms-label-hide\" aria-hidden=\"false\">Naam <span class=\"wpforms-required-label\" aria-hidden=\"true\">*<\/span><\/legend><div class=\"wpforms-field-row wpforms-field-medium\"><div class=\"wpforms-field-row-block wpforms-first wpforms-one-half\"><input type=\"text\" id=\"wpforms-365-field_1\" class=\"wpforms-field-name-first wpforms-field-required\" name=\"wpforms[fields][1][first]\" placeholder=\"Voornaam\" aria-errormessage=\"wpforms-365-field_1-error\" required><label for=\"wpforms-365-field_1\" class=\"wpforms-field-sublabel after wpforms-sublabel-hide\">Vorname<\/label><\/div><div class=\"wpforms-field-row-block wpforms-one-half\"><input type=\"text\" id=\"wpforms-365-field_1-last\" class=\"wpforms-field-name-last wpforms-field-required\" name=\"wpforms[fields][1][last]\" placeholder=\"Achternaam\" aria-errormessage=\"wpforms-365-field_1-last-error\" required><label for=\"wpforms-365-field_1-last\" class=\"wpforms-field-sublabel after wpforms-sublabel-hide\">Nachname<\/label><\/div><\/div><\/fieldset><\/div><div id=\"wpforms-365-field_2-container\" class=\"wpforms-field wpforms-field-email contactform-email\" data-field-id=\"2\"><label class=\"wpforms-field-label wpforms-label-hide\" for=\"wpforms-365-field_2\" aria-hidden=\"false\">Email <span class=\"wpforms-required-label\" aria-hidden=\"true\">*<\/span><\/label><input type=\"email\" id=\"wpforms-365-field_2\" class=\"wpforms-field-medium wpforms-field-required\" name=\"wpforms[fields][2]\" placeholder=\"E-mailadres\" spellcheck=\"false\" aria-errormessage=\"wpforms-365-field_2-error\" required><\/div><div id=\"wpforms-365-field_3-container\" class=\"wpforms-field wpforms-field-textarea contactform-message\" data-field-id=\"3\"><label class=\"wpforms-field-label wpforms-label-hide\" for=\"wpforms-365-field_3\" aria-hidden=\"false\">Bericht <span class=\"wpforms-required-label\" aria-hidden=\"true\">*<\/span><\/label><textarea id=\"wpforms-365-field_3\" class=\"wpforms-field-medium wpforms-field-required\" name=\"wpforms[fields][3]\" placeholder=\"Bericht\" aria-errormessage=\"wpforms-365-field_3-error\" required><\/textarea><\/div><\/div><!-- .wpforms-field-container --><div class=\"wpforms-recaptcha-container wpforms-is-recaptcha wpforms-is-recaptcha-type-v3\" ><input type=\"hidden\" name=\"wpforms[recaptcha]\" value=\"\"><\/div><div class=\"wpforms-submit-container\" ><input type=\"hidden\" name=\"wpforms[id]\" value=\"365\"><input type=\"hidden\" name=\"page_title\" value=\"\"><input type=\"hidden\" name=\"page_url\" value=\"https:\/\/vmanen.com\/de\/wp-json\/wp\/v2\/posts\/1267\"><input type=\"hidden\" name=\"url_referer\" value=\"\"><button type=\"submit\" name=\"wpforms[submit]\" id=\"wpforms-submit-365\" class=\"wpforms-submit contactform-button\" data-alt-text=\"verzenden....\" data-submit-text=\"Verzenden\" aria-live=\"assertive\" value=\"wpforms-submit\">Verzenden<\/button><img decoding=\"async\" src=\"https:\/\/vmanen.com\/wp-content\/plugins\/wpforms\/assets\/images\/submit-spin.svg\" class=\"wpforms-submit-spinner\" style=\"display: none;\" width=\"26\" height=\"26\" alt=\"Wird geladen\"><\/div><\/form><\/div>  <!-- .wpforms-container -->\n<\/div>","protected":false},"excerpt":{"rendered":"<p>Weil Van Manen Draaikransen stetig und sicher gewachsen ist, wuchs auch seit 2008 das Bed\u00fcrfnis nach mehr Betriebsfl\u00e4che. Die Werkstatt bekam immer mehr zu tun und das Lager war \u00fcberf\u00fcllt.<\/p>","protected":false},"author":1,"featured_media":2261,"comment_status":"closed","ping_status":"closed","sticky":false,"template":"","format":"standard","meta":{"_acf_changed":false,"footnotes":""},"categories":[1],"tags":[],"class_list":["post-1267","post","type-post","status-publish","format-standard","has-post-thumbnail","hentry","category-uncategorized","generate-columns","tablet-grid-50","mobile-grid-100","grid-parent","grid-50"],"acf":[],"yoast_head":"<!-- This site is optimized with the Yoast SEO plugin v27.4 - https:\/\/yoast.com\/product\/yoast-seo-wordpress\/ -->\n<title>Nieuw magazijn bij Van Manen - Van Manen Draaikransen<\/title>\n<meta name=\"robots\" content=\"index, follow, max-snippet:-1, max-image-preview:large, max-video-preview:-1\" \/>\n<link rel=\"canonical\" href=\"https:\/\/vmanen.com\/de\/nieuw-magazijn-bij-van-manen\/\" \/>\n<meta property=\"og:locale\" content=\"de_DE\" \/>\n<meta property=\"og:type\" content=\"article\" \/>\n<meta property=\"og:title\" content=\"Nieuw magazijn bij Van Manen - Van Manen Draaikransen\" \/>\n<meta property=\"og:description\" content=\"Doordat Van Manen Draaikransen langzaam maar zeker een forse groei heeft doorgemaakt is sinds 2008 langzaam aan de behoefte gegroeid voor meer ruimte voor het bedrijf. De werkplaats krijgt het steeds drukker en het magazijn staat overvol.\" \/>\n<meta property=\"og:url\" content=\"https:\/\/vmanen.com\/de\/nieuw-magazijn-bij-van-manen\/\" \/>\n<meta property=\"og:site_name\" content=\"Van Manen Draaikransen\" \/>\n<meta property=\"article:published_time\" content=\"2023-06-29T08:17:52+00:00\" \/>\n<meta property=\"article:modified_time\" content=\"2023-08-25T15:10:07+00:00\" \/>\n<meta property=\"og:image\" content=\"https:\/\/vmanen.com\/wp-content\/uploads\/2023\/06\/van-manen-nieuw-magazijn-bij-van-manen.png\" \/>\n\t<meta property=\"og:image:width\" content=\"713\" \/>\n\t<meta property=\"og:image:height\" content=\"639\" \/>\n\t<meta property=\"og:image:type\" content=\"image\/png\" \/>\n<meta name=\"author\" content=\"admin\" \/>\n<meta name=\"twitter:card\" content=\"summary_large_image\" \/>\n<meta name=\"twitter:label1\" content=\"Verfasst von\" \/>\n\t<meta name=\"twitter:data1\" content=\"admin\" \/>\n\t<meta name=\"twitter:label2\" content=\"Gesch\u00e4tzte Lesezeit\" \/>\n\t<meta name=\"twitter:data2\" content=\"2\u00a0Minuten\" \/>\n<script type=\"application\/ld+json\" class=\"yoast-schema-graph\">{\"@context\":\"https:\\\/\\\/schema.org\",\"@graph\":[{\"@type\":\"Article\",\"@id\":\"https:\\\/\\\/vmanen.com\\\/nieuw-magazijn-bij-van-manen\\\/#article\",\"isPartOf\":{\"@id\":\"https:\\\/\\\/vmanen.com\\\/nieuw-magazijn-bij-van-manen\\\/\"},\"author\":{\"name\":\"admin\",\"@id\":\"https:\\\/\\\/vmanen.com\\\/en\\\/#\\\/schema\\\/person\\\/0b1e0825dfa36c8a235f8d816177aaba\"},\"headline\":\"Nieuw magazijn bij Van Manen\",\"datePublished\":\"2023-06-29T08:17:52+00:00\",\"dateModified\":\"2023-08-25T15:10:07+00:00\",\"mainEntityOfPage\":{\"@id\":\"https:\\\/\\\/vmanen.com\\\/nieuw-magazijn-bij-van-manen\\\/\"},\"wordCount\":147,\"publisher\":{\"@id\":\"https:\\\/\\\/vmanen.com\\\/en\\\/#organization\"},\"image\":{\"@id\":\"https:\\\/\\\/vmanen.com\\\/nieuw-magazijn-bij-van-manen\\\/#primaryimage\"},\"thumbnailUrl\":\"https:\\\/\\\/vmanen.com\\\/wp-content\\\/uploads\\\/2023\\\/06\\\/van-manen-nieuw-magazijn-bij-van-manen.png\",\"articleSection\":[\"Uncategorized\"],\"inLanguage\":\"de\"},{\"@type\":\"WebPage\",\"@id\":\"https:\\\/\\\/vmanen.com\\\/nieuw-magazijn-bij-van-manen\\\/\",\"url\":\"https:\\\/\\\/vmanen.com\\\/nieuw-magazijn-bij-van-manen\\\/\",\"name\":\"Nieuw magazijn bij Van Manen - Van Manen Draaikransen\",\"isPartOf\":{\"@id\":\"https:\\\/\\\/vmanen.com\\\/en\\\/#website\"},\"primaryImageOfPage\":{\"@id\":\"https:\\\/\\\/vmanen.com\\\/nieuw-magazijn-bij-van-manen\\\/#primaryimage\"},\"image\":{\"@id\":\"https:\\\/\\\/vmanen.com\\\/nieuw-magazijn-bij-van-manen\\\/#primaryimage\"},\"thumbnailUrl\":\"https:\\\/\\\/vmanen.com\\\/wp-content\\\/uploads\\\/2023\\\/06\\\/van-manen-nieuw-magazijn-bij-van-manen.png\",\"datePublished\":\"2023-06-29T08:17:52+00:00\",\"dateModified\":\"2023-08-25T15:10:07+00:00\",\"breadcrumb\":{\"@id\":\"https:\\\/\\\/vmanen.com\\\/nieuw-magazijn-bij-van-manen\\\/#breadcrumb\"},\"inLanguage\":\"de\",\"potentialAction\":[{\"@type\":\"ReadAction\",\"target\":[\"https:\\\/\\\/vmanen.com\\\/nieuw-magazijn-bij-van-manen\\\/\"]}]},{\"@type\":\"ImageObject\",\"inLanguage\":\"de\",\"@id\":\"https:\\\/\\\/vmanen.com\\\/nieuw-magazijn-bij-van-manen\\\/#primaryimage\",\"url\":\"https:\\\/\\\/vmanen.com\\\/wp-content\\\/uploads\\\/2023\\\/06\\\/van-manen-nieuw-magazijn-bij-van-manen.png\",\"contentUrl\":\"https:\\\/\\\/vmanen.com\\\/wp-content\\\/uploads\\\/2023\\\/06\\\/van-manen-nieuw-magazijn-bij-van-manen.png\",\"width\":713,\"height\":639},{\"@type\":\"BreadcrumbList\",\"@id\":\"https:\\\/\\\/vmanen.com\\\/nieuw-magazijn-bij-van-manen\\\/#breadcrumb\",\"itemListElement\":[{\"@type\":\"ListItem\",\"position\":1,\"name\":\"Home\",\"item\":\"https:\\\/\\\/vmanen.com\\\/\"},{\"@type\":\"ListItem\",\"position\":2,\"name\":\"Nieuw magazijn bij Van Manen\"}]},{\"@type\":\"WebSite\",\"@id\":\"https:\\\/\\\/vmanen.com\\\/en\\\/#website\",\"url\":\"https:\\\/\\\/vmanen.com\\\/en\\\/\",\"name\":\"Van Manen Draaikransen\",\"description\":\"\",\"publisher\":{\"@id\":\"https:\\\/\\\/vmanen.com\\\/en\\\/#organization\"},\"potentialAction\":[{\"@type\":\"SearchAction\",\"target\":{\"@type\":\"EntryPoint\",\"urlTemplate\":\"https:\\\/\\\/vmanen.com\\\/en\\\/?s={search_term_string}\"},\"query-input\":{\"@type\":\"PropertyValueSpecification\",\"valueRequired\":true,\"valueName\":\"search_term_string\"}}],\"inLanguage\":\"de\"},{\"@type\":\"Organization\",\"@id\":\"https:\\\/\\\/vmanen.com\\\/en\\\/#organization\",\"name\":\"Van Manen Draaikransen\",\"url\":\"https:\\\/\\\/vmanen.com\\\/en\\\/\",\"logo\":{\"@type\":\"ImageObject\",\"inLanguage\":\"de\",\"@id\":\"https:\\\/\\\/vmanen.com\\\/en\\\/#\\\/schema\\\/logo\\\/image\\\/\",\"url\":\"https:\\\/\\\/vmanen.com\\\/wp-content\\\/uploads\\\/2023\\\/05\\\/logoVManen.svg\",\"contentUrl\":\"https:\\\/\\\/vmanen.com\\\/wp-content\\\/uploads\\\/2023\\\/05\\\/logoVManen.svg\",\"caption\":\"Van Manen Draaikransen\"},\"image\":{\"@id\":\"https:\\\/\\\/vmanen.com\\\/en\\\/#\\\/schema\\\/logo\\\/image\\\/\"}},{\"@type\":\"Person\",\"@id\":\"https:\\\/\\\/vmanen.com\\\/en\\\/#\\\/schema\\\/person\\\/0b1e0825dfa36c8a235f8d816177aaba\",\"name\":\"admin\",\"image\":{\"@type\":\"ImageObject\",\"inLanguage\":\"de\",\"@id\":\"https:\\\/\\\/secure.gravatar.com\\\/avatar\\\/1a1b17e80988d083365361201c2a4feaa355dc6eba9d191294cfe1d69cebba72?s=96&d=mm&r=g\",\"url\":\"https:\\\/\\\/secure.gravatar.com\\\/avatar\\\/1a1b17e80988d083365361201c2a4feaa355dc6eba9d191294cfe1d69cebba72?s=96&d=mm&r=g\",\"contentUrl\":\"https:\\\/\\\/secure.gravatar.com\\\/avatar\\\/1a1b17e80988d083365361201c2a4feaa355dc6eba9d191294cfe1d69cebba72?s=96&d=mm&r=g\",\"caption\":\"admin\"},\"sameAs\":[\"https:\\\/\\\/vmanen.clarq.nl\"],\"url\":\"https:\\\/\\\/vmanen.com\\\/de\\\/author\\\/vmanencl\\\/\"}]}<\/script>\n<!-- \/ Yoast SEO plugin. -->","yoast_head_json":{"title":"Nieuw magazijn bij Van Manen - Van Manen Draaikransen","robots":{"index":"index","follow":"follow","max-snippet":"max-snippet:-1","max-image-preview":"max-image-preview:large","max-video-preview":"max-video-preview:-1"},"canonical":"https:\/\/vmanen.com\/de\/nieuw-magazijn-bij-van-manen\/","og_locale":"de_DE","og_type":"article","og_title":"Nieuw magazijn bij Van Manen - Van Manen Draaikransen","og_description":"Doordat Van Manen Draaikransen langzaam maar zeker een forse groei heeft doorgemaakt is sinds 2008 langzaam aan de behoefte gegroeid voor meer ruimte voor het bedrijf. De werkplaats krijgt het steeds drukker en het magazijn staat overvol.","og_url":"https:\/\/vmanen.com\/de\/nieuw-magazijn-bij-van-manen\/","og_site_name":"Van Manen Draaikransen","article_published_time":"2023-06-29T08:17:52+00:00","article_modified_time":"2023-08-25T15:10:07+00:00","og_image":[{"width":713,"height":639,"url":"https:\/\/vmanen.com\/wp-content\/uploads\/2023\/06\/van-manen-nieuw-magazijn-bij-van-manen.png","type":"image\/png"}],"author":"admin","twitter_card":"summary_large_image","twitter_misc":{"Verfasst von":"admin","Gesch\u00e4tzte Lesezeit":"2\u00a0Minuten"},"schema":{"@context":"https:\/\/schema.org","@graph":[{"@type":"Article","@id":"https:\/\/vmanen.com\/nieuw-magazijn-bij-van-manen\/#article","isPartOf":{"@id":"https:\/\/vmanen.com\/nieuw-magazijn-bij-van-manen\/"},"author":{"name":"admin","@id":"https:\/\/vmanen.com\/en\/#\/schema\/person\/0b1e0825dfa36c8a235f8d816177aaba"},"headline":"Nieuw magazijn bij Van Manen","datePublished":"2023-06-29T08:17:52+00:00","dateModified":"2023-08-25T15:10:07+00:00","mainEntityOfPage":{"@id":"https:\/\/vmanen.com\/nieuw-magazijn-bij-van-manen\/"},"wordCount":147,"publisher":{"@id":"https:\/\/vmanen.com\/en\/#organization"},"image":{"@id":"https:\/\/vmanen.com\/nieuw-magazijn-bij-van-manen\/#primaryimage"},"thumbnailUrl":"https:\/\/vmanen.com\/wp-content\/uploads\/2023\/06\/van-manen-nieuw-magazijn-bij-van-manen.png","articleSection":["Uncategorized"],"inLanguage":"de"},{"@type":"WebPage","@id":"https:\/\/vmanen.com\/nieuw-magazijn-bij-van-manen\/","url":"https:\/\/vmanen.com\/nieuw-magazijn-bij-van-manen\/","name":"Nieuw magazijn bij Van Manen - Van Manen Draaikransen","isPartOf":{"@id":"https:\/\/vmanen.com\/en\/#website"},"primaryImageOfPage":{"@id":"https:\/\/vmanen.com\/nieuw-magazijn-bij-van-manen\/#primaryimage"},"image":{"@id":"https:\/\/vmanen.com\/nieuw-magazijn-bij-van-manen\/#primaryimage"},"thumbnailUrl":"https:\/\/vmanen.com\/wp-content\/uploads\/2023\/06\/van-manen-nieuw-magazijn-bij-van-manen.png","datePublished":"2023-06-29T08:17:52+00:00","dateModified":"2023-08-25T15:10:07+00:00","breadcrumb":{"@id":"https:\/\/vmanen.com\/nieuw-magazijn-bij-van-manen\/#breadcrumb"},"inLanguage":"de","potentialAction":[{"@type":"ReadAction","target":["https:\/\/vmanen.com\/nieuw-magazijn-bij-van-manen\/"]}]},{"@type":"ImageObject","inLanguage":"de","@id":"https:\/\/vmanen.com\/nieuw-magazijn-bij-van-manen\/#primaryimage","url":"https:\/\/vmanen.com\/wp-content\/uploads\/2023\/06\/van-manen-nieuw-magazijn-bij-van-manen.png","contentUrl":"https:\/\/vmanen.com\/wp-content\/uploads\/2023\/06\/van-manen-nieuw-magazijn-bij-van-manen.png","width":713,"height":639},{"@type":"BreadcrumbList","@id":"https:\/\/vmanen.com\/nieuw-magazijn-bij-van-manen\/#breadcrumb","itemListElement":[{"@type":"ListItem","position":1,"name":"Home","item":"https:\/\/vmanen.com\/"},{"@type":"ListItem","position":2,"name":"Nieuw magazijn bij Van Manen"}]},{"@type":"WebSite","@id":"https:\/\/vmanen.com\/en\/#website","url":"https:\/\/vmanen.com\/en\/","name":"Van Manen Draaikransen","description":"","publisher":{"@id":"https:\/\/vmanen.com\/en\/#organization"},"potentialAction":[{"@type":"SearchAction","target":{"@type":"EntryPoint","urlTemplate":"https:\/\/vmanen.com\/en\/?s={search_term_string}"},"query-input":{"@type":"PropertyValueSpecification","valueRequired":true,"valueName":"search_term_string"}}],"inLanguage":"de"},{"@type":"Organization","@id":"https:\/\/vmanen.com\/en\/#organization","name":"Van Manen Draaikransen","url":"https:\/\/vmanen.com\/en\/","logo":{"@type":"ImageObject","inLanguage":"de","@id":"https:\/\/vmanen.com\/en\/#\/schema\/logo\/image\/","url":"https:\/\/vmanen.com\/wp-content\/uploads\/2023\/05\/logoVManen.svg","contentUrl":"https:\/\/vmanen.com\/wp-content\/uploads\/2023\/05\/logoVManen.svg","caption":"Van Manen Draaikransen"},"image":{"@id":"https:\/\/vmanen.com\/en\/#\/schema\/logo\/image\/"}},{"@type":"Person","@id":"https:\/\/vmanen.com\/en\/#\/schema\/person\/0b1e0825dfa36c8a235f8d816177aaba","name":"admin","image":{"@type":"ImageObject","inLanguage":"de","@id":"https:\/\/secure.gravatar.com\/avatar\/1a1b17e80988d083365361201c2a4feaa355dc6eba9d191294cfe1d69cebba72?s=96&d=mm&r=g","url":"https:\/\/secure.gravatar.com\/avatar\/1a1b17e80988d083365361201c2a4feaa355dc6eba9d191294cfe1d69cebba72?s=96&d=mm&r=g","contentUrl":"https:\/\/secure.gravatar.com\/avatar\/1a1b17e80988d083365361201c2a4feaa355dc6eba9d191294cfe1d69cebba72?s=96&d=mm&r=g","caption":"admin"},"sameAs":["https:\/\/vmanen.clarq.nl"],"url":"https:\/\/vmanen.com\/de\/author\/vmanencl\/"}]}},"_links":{"self":[{"href":"https:\/\/vmanen.com\/de\/wp-json\/wp\/v2\/posts\/1267","targetHints":{"allow":["GET"]}}],"collection":[{"href":"https:\/\/vmanen.com\/de\/wp-json\/wp\/v2\/posts"}],"about":[{"href":"https:\/\/vmanen.com\/de\/wp-json\/wp\/v2\/types\/post"}],"author":[{"embeddable":true,"href":"https:\/\/vmanen.com\/de\/wp-json\/wp\/v2\/users\/1"}],"replies":[{"embeddable":true,"href":"https:\/\/vmanen.com\/de\/wp-json\/wp\/v2\/comments?post=1267"}],"version-history":[{"count":54,"href":"https:\/\/vmanen.com\/de\/wp-json\/wp\/v2\/posts\/1267\/revisions"}],"predecessor-version":[{"id":2382,"href":"https:\/\/vmanen.com\/de\/wp-json\/wp\/v2\/posts\/1267\/revisions\/2382"}],"wp:featuredmedia":[{"embeddable":true,"href":"https:\/\/vmanen.com\/de\/wp-json\/wp\/v2\/media\/2261"}],"wp:attachment":[{"href":"https:\/\/vmanen.com\/de\/wp-json\/wp\/v2\/media?parent=1267"}],"wp:term":[{"taxonomy":"category","embeddable":true,"href":"https:\/\/vmanen.com\/de\/wp-json\/wp\/v2\/categories?post=1267"},{"taxonomy":"post_tag","embeddable":true,"href":"https:\/\/vmanen.com\/de\/wp-json\/wp\/v2\/tags?post=1267"}],"curies":[{"name":"wp","href":"https:\/\/api.w.org\/{rel}","templated":true}]}}